[{"@context":"https:\/\/schema.org\/","@type":"Article","@id":"https:\/\/www.valmeko.cz\/jak-se-obleci-na-narozeninovou-oslavu\/#Article","mainEntityOfPage":"https:\/\/www.valmeko.cz\/jak-se-obleci-na-narozeninovou-oslavu\/","headline":"Jak se obl\u00e9ci na narozeninovou oslavu?","name":"Jak se obl\u00e9ci na narozeninovou oslavu?","description":"Ka\u017ed\u00fd si pod pojmem narozeninov\u00e1 oslava p\u0159edstav\u00ed trapnou oslavu, kde se zp\u00edv\u00e1 trapn\u00e1 p\u00edsni\u010dka k narozenin\u00e1m, u kter\u00e9 nikdo nev\u00edme, jak se tv\u00e1\u0159it, i p\u0159esto ji zp\u00edv\u00e1me na v\u0161ech narozenin\u00e1ch, a d\u00e1vaj\u00ed se d\u00e1rky, kter\u00e9 ne v\u017edy v\u0161echny oslavence pot\u011b\u0161\u00ed a n\u011bkter\u00e9 jsou opravdu divn\u00e9 a necht\u011bn\u00e9, ale s t\u00edm mus\u00ed po\u010d\u00edtat opravdu ka\u017ed\u00fd. Ne [&hellip;]","datePublished":"2022-08-30","dateModified":"2023-05-18","author":{"@type":"Person","@id":"https:\/\/www.valmeko.cz\/author\/devene\/#Person","name":"devene","url":"https:\/\/www.valmeko.cz\/author\/devene\/","identifier":1,"image":{"@type":"ImageObject","@id":"https:\/\/secure.gravatar.com\/avatar\/fb50772173929303fbe6024f179e4dd9837c71f6efc661bdb046860d442d05b5?s=96&d=mm&r=g","url":"https:\/\/secure.gravatar.com\/avatar\/fb50772173929303fbe6024f179e4dd9837c71f6efc661bdb046860d442d05b5?s=96&d=mm&r=g","height":96,"width":96}},"publisher":{"@type":"Organization","name":"valmeko.cz","logo":{"@type":"ImageObject","@id":"\/logo.png","url":"\/logo.png","width":600,"height":60}},"image":{"@type":"ImageObject","@id":"https:\/\/www.valmeko.cz\/wp-content\/uploads\/worried-girl-g3a35a743b_640.jpg","url":"https:\/\/www.valmeko.cz\/wp-content\/uploads\/worried-girl-g3a35a743b_640.jpg","height":0,"width":0},"url":"https:\/\/www.valmeko.cz\/jak-se-obleci-na-narozeninovou-oslavu\/","about":["Produkty"],"wordCount":484,"articleBody":"        Ka\u017ed\u00fd si pod pojmem narozeninov\u00e1 oslava p\u0159edstav\u00ed trapnou oslavu, kde se zp\u00edv\u00e1 trapn\u00e1 p\u00edsni\u010dka k narozenin\u00e1m, u kter\u00e9 nikdo nev\u00edme, jak se tv\u00e1\u0159it, i p\u0159esto ji zp\u00edv\u00e1me na v\u0161ech narozenin\u00e1ch, a d\u00e1vaj\u00ed se d\u00e1rky, kter\u00e9 ne v\u017edy v\u0161echny oslavence pot\u011b\u0161\u00ed a n\u011bkter\u00e9 jsou opravdu divn\u00e9 a necht\u011bn\u00e9, ale s t\u00edm mus\u00ed po\u010d\u00edtat opravdu ka\u017ed\u00fd. Ne v\u017edy v\u00e1m n\u011bkdo d\u00e1 dokonal\u00fd d\u00e1rek, kter\u00fd si p\u0159ejete. Je to hold o tom, jak\u00fd m\u00e1 v\u00e1\u0161 host vkus a jak hodn\u011b v\u00e1s zn\u00e1. Pokud je to n\u011bkdo, kdo v\u00e1s v\u016fbec nezn\u00e1 a je na va\u0161\u00ed narozeninov\u00e9 oslav\u011b do po\u010dtu, jak se \u0159\u00edk\u00e1, ne\u010dekejte od n\u011bj, \u017ee v\u00e1m d\u00e1 n\u011bco, co si budete vychvalovat do nebes. I tak se ale tva\u0159te, jako\u017ee v\u00e1s to velmi pot\u011b\u0161ilo a p\u0159ekvapilo, je to slu\u0161nost. Ten \u010dlov\u011bk do toho dal ur\u010dit\u00fd obnos pen\u011bz, nic nen\u00ed zadarmo a tak\u00e9 do toho vynalo\u017eil n\u011bjak\u00fd \u010das a \u00fasil\u00ed. To si pi\u0161t\u011b. Proto nebu\u010fte na\u0161tvan\u00ed, pokud to nen\u00ed n\u011bco, co chcete a p\u0159ijm\u011bte naprosto cokoliv, co v\u00e1m daj\u00ed, proto\u017ee si s t\u00edm jednodu\u0161e dali pr\u00e1ci a zde plat\u00ed: \u201eDarovan\u00e9mu koni na zuby nehle\u010f.\u201c A je to pravda. Pro\u010d, kdy\u017e je to n\u011bjak\u00fd d\u00e1rek. Tomu \u010dlov\u011bku toto zrovna p\u0159i\u0161lo jako n\u011bco p\u0159esn\u011b pro v\u00e1s, tak d\u011blejte, \u017ee se v\u00e1m to l\u00edb\u00ed, pot\u011b\u0161te ho. Zaslou\u017e\u00ed si to. Ov\u0161em vr\u00e1t\u00edme se zp\u011bt k tomu, jak si ka\u017ed\u00fd p\u0159edstavujeme narozeninovou oslavu.Ne v\u0161echny narozeninov\u00e9 oslavy jsou ale v t\u00e9to form\u011b. Sp\u00ed\u0161e ani ne. Mnohdy se konaj\u00ed na m\u00edstech, kde je pot\u0159eba se obl\u00e9ci do ur\u010dit\u00e9ho stylu oble\u010den\u00ed a nen\u00ed \u00fapln\u011b v pohod\u011b p\u0159ij\u00edt na narozeninovou oslavu v d\u017e\u00edn\u00e1ch, tomu v\u011b\u0159te. Co si v takov\u00fdch situac\u00edch obl\u00e9ct? Oble\u010dte si n\u011bco slu\u0161n\u00e9ho. P\u00e1nov\u00e9 klidn\u011b i ko\u0161ili, kter\u00e9 mohou sladit s d\u017e\u00edny. Ale opravdu z\u00e1le\u017e\u00ed na tom, kde se oslava kon\u00e1. M\u016f\u017ee se pak j\u00edt do luxusn\u00ed restaurace, proto volte v tomto p\u0159\u00edpad\u011b klidn\u011b i spole\u010densk\u00e9 kalhoty. \u017deny rozhodn\u011b \u0161aty. Kupte si luxusn\u00ed spole\u010densk\u00e9 \u0161aty na narozeninovou oslavu https:\/\/www.svatebni-saty-spolecenske-plesove.cz\/luxusni-spolecenske-saty-na-narozeninovou-oslavu a zaz\u00e1\u0159\u00edte. Nav\u00edc se nebudete c\u00edtit blb\u011b proto, \u017ee m\u00e1te oble\u010den\u00e9 n\u011bco, co se tam nehod\u00ed. V\u017edy se m\u016f\u017eete obl\u00e9ct h\u016f\u0159. Ale zachra\u0148ovat pak opravdu hrozn\u00fd outfit nejde a nikdo v\u00e1m to neodpust\u00ed. V\u017edy se tedy oble\u010dte rad\u011bji l\u00e9pe.                                                                                                                                                                                                                                                                                                                                                                                                  "},{"@context":"https:\/\/schema.org\/","@type":"BreadcrumbList","itemListElement":[{"@type":"ListItem","position":1,"name":"Jak se obl\u00e9ci na narozeninovou oslavu?","item":"https:\/\/www.valmeko.cz\/jak-se-obleci-na-narozeninovou-oslavu\/#breadcrumbitem"}]}]