[{"@context":"https:\/\/schema.org\/","@type":"Article","@id":"https:\/\/www.valmeko.cz\/kancelar-v-ostrave\/#Article","mainEntityOfPage":"https:\/\/www.valmeko.cz\/kancelar-v-ostrave\/","headline":"kancel\u00e1\u0159 v Ostrav\u011b","name":"kancel\u00e1\u0159 v Ostrav\u011b","description":"Byla jsem velice r\u00e1da, kdy\u017e se m\u016fj p\u0159\u00edtel rozhodl, \u017ee u\u017e kone\u010dn\u011b bude podnikat. Proto\u017ee m\u016fj p\u0159\u00edtel je velice podnikav\u00fd \u010dlov\u011bk, kter\u00fd m\u00e1 r\u00e1d pen\u00edze a taky r\u00e1d prod\u00e1v\u00e1. A vzpom\u00edn\u00e1m si taky na ty \u010dasy, kdy\u017e jsem p\u0159\u00edtele poznala, kdy\u017e prod\u00e1val v\u011bci na pouti. Ani bych nev\u011bd\u011bla a netu\u0161ila, \u017ee z n\u00e1s n\u011bkdy bude [&hellip;]","datePublished":"2022-12-17","dateModified":"2023-05-18","author":{"@type":"Person","@id":"https:\/\/www.valmeko.cz\/author\/devene\/#Person","name":"devene","url":"https:\/\/www.valmeko.cz\/author\/devene\/","identifier":1,"image":{"@type":"ImageObject","@id":"https:\/\/secure.gravatar.com\/avatar\/fb50772173929303fbe6024f179e4dd9837c71f6efc661bdb046860d442d05b5?s=96&d=mm&r=g","url":"https:\/\/secure.gravatar.com\/avatar\/fb50772173929303fbe6024f179e4dd9837c71f6efc661bdb046860d442d05b5?s=96&d=mm&r=g","height":96,"width":96}},"publisher":{"@type":"Organization","name":"valmeko.cz","logo":{"@type":"ImageObject","@id":"\/logo.png","url":"\/logo.png","width":600,"height":60}},"image":{"@type":"ImageObject","@id":"https:\/\/www.valmeko.cz\/wp-content\/uploads\/typing-849806_960_720_5.jpg","url":"https:\/\/www.valmeko.cz\/wp-content\/uploads\/typing-849806_960_720_5.jpg","height":0,"width":0},"url":"https:\/\/www.valmeko.cz\/kancelar-v-ostrave\/","about":["Spole\u010dnosti"],"wordCount":438,"articleBody":"       Byla jsem velice r\u00e1da, kdy\u017e se m\u016fj p\u0159\u00edtel rozhodl, \u017ee u\u017e kone\u010dn\u011b bude podnikat. Proto\u017ee m\u016fj p\u0159\u00edtel je velice podnikav\u00fd \u010dlov\u011bk, kter\u00fd m\u00e1 r\u00e1d pen\u00edze a taky r\u00e1d prod\u00e1v\u00e1. A vzpom\u00edn\u00e1m si taky na ty \u010dasy, kdy\u017e jsem p\u0159\u00edtele poznala, kdy\u017e prod\u00e1val v\u011bci na pouti. Ani bych nev\u011bd\u011bla a netu\u0161ila, \u017ee z n\u00e1s n\u011bkdy bude p\u00e1r a \u017ee budeme m\u00edt tak\u00e9 kr\u00e1snou rodinu. Ale po tom, po n\u011bkolika letech na\u0161eho partnerstv\u00ed se p\u0159\u00edtel rozhodl, \u017ee bych cht\u011bl podnikat. A to hlavn\u011b ve staro\u017eitnictv\u00ed. A chv\u00edli jsem n\u011bj koukala a nev\u011b\u0159ila jsem vlastn\u00edm o\u010d\u00edm a necht\u011blo se mi tomu v\u011b\u0159it. M\u016fj p\u0159\u00edtel a staro\u017eitnictv\u00ed? To jako v\u00e1\u017en\u011b? Nikdy jsem nev\u011bd\u011bla, \u017ee by p\u0159\u00edtel sb\u00edral n\u011bkter\u00e9 ty starod\u00e1vn\u00e9 v\u011bci, kter\u00e9 se potom d\u00e1vaj\u00ed n\u011bkam na poli\u010dku a tak. Podle m\u00e9ho n\u00e1zoru se v\u017edycky na tyto v\u011bci jenom chyt\u00e1 prach a stejn\u011b postupem \u010dasu to p\u0159estane \u010dlov\u011bka zaj\u00edmat. J\u00e1 jsem takov\u00e1, \u017ee kdy\u017e u\u017e m\u00e1m n\u011bco doma dlouho, tak m\u011b to nebav\u00ed. Mimo samoz\u0159ejm\u011b m\u00e9 rodiny. A proto mi p\u0159\u00edtel \u0159ekl, \u017ee aby u\u0161et\u0159il, tak si pronajme virtu\u00e1ln\u00ed kancel\u00e1\u0159 v Ostrav\u011b. A to sice ch\u00e1pu. Proto\u017ee jsme z Ostravy. Ale virtu\u00e1ln\u00ed kancel\u00e1\u0159? Nevid\u011bla jsem dote\u010f, co znamen\u00e1 virtu\u00e1ln\u00ed kancel\u00e1\u0159 v Ostrav\u011b. A kdy\u017e jsem se zeptala p\u0159\u00edtele, tak mi \u0159ekl, \u017ee to opravdu levn\u00e1 varianta toho, ne\u017e aby m\u011bl n\u011bkde klasickou fyzickou kancel\u00e1\u0159.A ch\u00e1pu, \u017ee virtu\u00e1ln\u00ed kancel\u00e1\u0159 znamen\u00e1, \u017ee nen\u00ed doopravdy. Nicm\u00e9n\u011b ale velk\u00e1 v\u00fdhoda virtu\u00e1ln\u00ed kancel\u00e1\u0159e v Ostrav\u011b je, \u017ee taky virtu\u00e1ln\u011b m\u016f\u017eete p\u0159ij\u00edmat r\u016fzn\u00e9 n\u00e1v\u0161t\u011bvy nebo obchodn\u00ed pracovn\u00edky a tak podobn\u011b. A \u0159ekla jsem si, \u017ee to velice v\u00fdhodn\u00e9. Nav\u00edc tuto kancel\u00e1\u0159 m\u00e1m zalo\u017e\u00ed zdarma a pomohu v\u00e1m taky do za\u010d\u00e1tku, prost\u011b tak, abyste v\u0161echno ovl\u00e1dali skv\u011ble a sami, a to bez chyb. Mo\u017en\u00e1 to bude perfektn\u00ed. Pro p\u0159\u00edtele a taky do na\u0161eho rodinn\u00e9ho rozpo\u010dtu, proto\u017ee u\u017e si \u0159\u00edk\u00e1m, \u017ee u\u017e by se n\u00e1m kone\u010dn\u011b n\u011bco mohlo po\u0159\u00e1dn\u011b poda\u0159it. A v\u00e1m by se hodila virtu\u00e1ln\u00ed kancel\u00e1\u0159 v Ostrav\u011b? Pokud ano, koukn\u011bte na webov\u00e9 str\u00e1nky kancelar29.cz.                                                                                                                                                                                                                                                                                                                                                                                                   "},{"@context":"https:\/\/schema.org\/","@type":"BreadcrumbList","itemListElement":[{"@type":"ListItem","position":1,"name":"kancel\u00e1\u0159 v Ostrav\u011b","item":"https:\/\/www.valmeko.cz\/kancelar-v-ostrave\/#breadcrumbitem"}]}]